{"id":4335,"date":"2015-09-24T21:19:52","date_gmt":"2015-09-24T21:19:52","guid":{"rendered":"http:\/\/www.rigaiff.lv\/2015\/?p=4335"},"modified":"2015-09-24T21:20:12","modified_gmt":"2015-09-24T21:20:12","slug":"latviesu-riga-iff-demonstres-nanni-moretti-jaunako-filmu-mana-mate","status":"publish","type":"post","link":"https:\/\/2015.rigaiff.lv\/ru\/latviesu-riga-iff-demonstres-nanni-moretti-jaunako-filmu-mana-mate\/","title":{"rendered":"Riga IFF demonstr\u0113s Nanni Moretti jaun\u0101ko filmu \u201eMana m\u0101te\u201d"},"content":{"rendered":"<p class=\"qtranxs-available-languages-message qtranxs-available-languages-message-ru\"> <\/p><p>R\u012bgas Starptautiskais kino festiv\u0101ls demonstr\u0113s it\u0101lie\u0161u re\u017eistora Nani Moretti (Nanni Moretti) jaun\u0101ko filmu \u201eMana m\u0101te\u201d (Mia Madre), kura \u0161ogad tika nomin\u0113ta Kannu kino festiv\u0101la Zelta palmas zaram.<!--more--><\/p>\n<p>Re\u017eisors, scen\u0101rists, aktieris, producents un ar\u012b politiskais akt\u012bvists Nanni Moretti ir Kannu veter\u0101ns \u2013 pirm\u0101 konkurs\u0101 iek\u013caut\u0101 filma bija 1978. gad\u0101 tapus\u012b \u201eBumba, te es esmu\u201d (Ecce bombo), kura dr\u012bz izpeln\u012bj\u0101s kulta statusu un joproj\u0101m tiek atz\u012bta par vienu no visu laiku noz\u012bm\u012bg\u0101kaj\u0101m it\u0101lie\u0161u film\u0101m. Savuk\u0101rt 2001.gad\u0101 tie\u0161i Moretti bija tas, kur\u0161 p\u0101rtrauca 23 gadu ilgo pauzi, kop\u0161 It\u0101lijas kino nebija triumf\u0113jis Kann\u0101s, un ar dr\u0101mu \u201eD\u0113la istaba\u201d (La stanza del figlio) aizs\u0101ka ar\u012b jaunu posmu sav\u0101 karjer\u0101.<br \/>\nMoretti jaun\u0101k\u0101 kinolente ir aizkustino\u0161a dr\u0101ma par Margeritu (savu v\u0101rda m\u0101su \u2013 atveido aktrise Margerita Buja (Margherita Buy)  \u2013 re\u017eisori, kura uz\u0146em filmu ar necie\u0161amas dabas amerik\u0101\u0146u aktieri galvenaj\u0101 lom\u0101 (viens no br\u0101\u013cu Koenu aktieriem D\u017eons Turturo (John Turturro), un vienlaikus cen\u0161as tikt gal\u0101 pati ar savu dz\u012bvi, m\u0101tes slim\u012bbu un meitas pieaug\u0161anu.<br \/>\nMargeritas br\u0101\u013ca D\u017eovanni lomu atveido pats re\u017eisors, un, k\u0101 iepriek\u0161\u0113j\u0101s film\u0101s, vi\u0146a t\u0113ls ir tie\u0161s, tr\u0101p\u012bgs un aspr\u0101t\u012bgs. D\u0113v\u0113ts par V\u016bdija Allena it\u0101lie\u0161u br\u0101l\u0113nu, Moretti jau gandr\u012bz 40 gadus uz\u0146em filmas, ta\u010du uzsver, ka neesot re\u017eisors \u2013 vien br\u012b\u017eos, kad tie\u0161\u0101m sakr\u0101jies sak\u0101mais, uz\u0146emot k\u0101du filmu. \u201eManas m\u0101tes\u201d scen\u0101rija ideja vi\u0146am rad\u0101s filmas \u201eMums ir p\u0101vests\u201d (Habemus Papam) uz\u0146em\u0161anas laik\u0101, kad no dz\u012bves aizg\u0101ja Moretti m\u0101te.<\/p>\n<p>R\u012bgas Starptautiskais kino festiv\u0101ls norisin\u0101sies no 15.l\u012bdz 25.oktobrim ar Valsts Kult\u016brkapit\u0101la fonda un R\u012bgas Domes atbalstu, sadarb\u012bb\u0101 ar Latvijas Kinematogr\u0101fistu savien\u012bbu un Latvijas Kinoproducentu asoci\u0101ciju. Pirm\u0101s filmas un festiv\u0101la da\u017e\u0101d\u0101s programmas public\u0113tas festiv\u0101la m\u0101jaslap\u0101 \u2013 rigaiff.lv, par jaun\u0101ko var uzzin\u0101t, ar\u012b apmekl\u0113jot Riga IFF \u0161\u0137irk\u013cus Facebook (fb.me\/rigaiff), Twitter (twitter.com\/rigaiff) un Instagram (instagram.com\/riga_iff) vietn\u0113s.<br \/>\n<\/p>","protected":false},"excerpt":{"rendered":"<p>R\u012bgas Starptautiskais kino festiv\u0101ls demonstr\u0113s it\u0101lie\u0161u re\u017eistora Nani Moretti (Nanni Moretti) jaun\u0101ko filmu \u201eMana m\u0101te\u201d (Mia Madre), kura \u0161ogad tika nomin\u0113ta Kannu kino festiv\u0101la Zelta palmas zaram.<\/p>\n","protected":false},"author":1,"featured_media":4337,"comment_status":"closed","ping_status":"closed","sticky":false,"template":"","format":"standard","meta":{"footnotes":""},"categories":[12],"tags":[],"_links":{"self":[{"href":"https:\/\/2015.rigaiff.lv\/ru\/wp-json\/wp\/v2\/posts\/4335"}],"collection":[{"href":"https:\/\/2015.rigaiff.lv\/ru\/wp-json\/wp\/v2\/posts"}],"about":[{"href":"https:\/\/2015.rigaiff.lv\/ru\/wp-json\/wp\/v2\/types\/post"}],"author":[{"embeddable":true,"href":"https:\/\/2015.rigaiff.lv\/ru\/wp-json\/wp\/v2\/users\/1"}],"replies":[{"embeddable":true,"href":"https:\/\/2015.rigaiff.lv\/ru\/wp-json\/wp\/v2\/comments?post=4335"}],"version-history":[{"count":0,"href":"https:\/\/2015.rigaiff.lv\/ru\/wp-json\/wp\/v2\/posts\/4335\/revisions"}],"wp:featuredmedia":[{"embeddable":true,"href":"https:\/\/2015.rigaiff.lv\/ru\/wp-json\/wp\/v2\/media\/4337"}],"wp:attachment":[{"href":"https:\/\/2015.rigaiff.lv\/ru\/wp-json\/wp\/v2\/media?parent=4335"}],"wp:term":[{"taxonomy":"category","embeddable":true,"href":"https:\/\/2015.rigaiff.lv\/ru\/wp-json\/wp\/v2\/categories?post=4335"},{"taxonomy":"post_tag","embeddable":true,"href":"https:\/\/2015.rigaiff.lv\/ru\/wp-json\/wp\/v2\/tags?post=4335"}],"curies":[{"name":"wp","href":"https:\/\/api.w.org\/{rel}","templated":true}]}}