{"id":4326,"date":"2015-09-24T21:11:13","date_gmt":"2015-09-24T21:11:13","guid":{"rendered":"http:\/\/www.rigaiff.lv\/2015\/?p=4326"},"modified":"2015-09-24T21:11:48","modified_gmt":"2015-09-24T21:11:48","slug":"latviesu-riga-iff-demonstres-kannu-kinofestivala-sensaciju-saula-dels","status":"publish","type":"post","link":"https:\/\/2015.rigaiff.lv\/ru\/latviesu-riga-iff-demonstres-kannu-kinofestivala-sensaciju-saula-dels\/","title":{"rendered":"Riga IFF demonstr\u0113s Kannu kinofestiv\u0101la sens\u0101ciju \u201eSaula d\u0113ls\u201d"},"content":{"rendered":"<p class=\"qtranxs-available-languages-message qtranxs-available-languages-message-ru\"> <\/p><p>Programm\u0101 \u201cRiga IFF Selection\u201d R\u012bgas Starptautiskais kino festiv\u0101ls \u0161ogad izr\u0101d\u012bs vienu no visu laiku iespaid\u012bg\u0101kaj\u0101m kinolent\u0113m, kas veidotas par holokaustu \u2013 ung\u0101ru re\u017eisora L\u0101zlo Neme\u0161a (L\u00e1szl\u00f3 Nemes) dr\u0101mu \u201eSaula d\u0113ls\u201d (Saul fia).<!--more--><\/p>\n<p>1944. gada oktobris. Ung\u0101rijas ebrejs Sauls (ung\u0101ru aktieris un dzejnieks G\u0113za Rorigs (G\u00e9za R\u00f6hrig) ir Au\u0161vicas n\u0101ves nometnes ieslodz\u012btais, kur\u0161 nor\u012bkots str\u0101d\u0101t krematorij\u0101. K\u0101dudien Sauls starp n\u0101ves upuriem atrod k\u0101da puis\u0113na \u0137ermeni, kuru notur par savu d\u0113lu. Pret\u0113ji pav\u0113lei puis\u0113na mirst\u012bg\u0101s atliekas atdot uguns liesm\u0101m, vi\u0146\u0161 l\u016bko l\u012b\u0137\u012bti apglab\u0101t saska\u0146\u0101 ar ebreju trad\u012bciju. Kam\u0113r p\u0101r\u0113jie ieslodz\u012btie, uzzin\u0101ju\u0161i, ka visus \u201cSonderkommando\u201d gaida lode pier\u0113, sace\u013cas un izn\u012bcina krematoriju, Sauls koncentr\u0113jas vien\u012bgi uz \u0161o p\u0113d\u0113j\u0101 goda atdo\u0161anu d\u0113lam, par kuru par\u016bp\u0113ties dz\u012bves laik\u0101 vi\u0146am bijis liegts.<br \/>\n1977. gad\u0101 Budape\u0161t\u0101 dzimu\u0161ais un Par\u012bz\u0113 b\u0113rn\u012bbu pavad\u012bju\u0161ais Neme\u0161s debijas filmai izv\u0113l\u0113jies \u012bpa\u0161i smagu t\u0113mu \u2013 vi\u0146u uz to pamudin\u0101ju\u0161i vair\u0101ki aspekti. Jau no b\u0113rna k\u0101jas Neme\u0161s interes\u0113jies par kino veido\u0161anu \u2013 ar\u012b vi\u0146a t\u0113vs ir re\u017eisors \u2013, un pirm\u0101s filmas tapa Neme\u0161u Par\u012bzes m\u0101jas pagrab\u0101. P\u0113c v\u0113stures, starptautisko sakaru un scen\u0101riju rakst\u012b\u0161anas studij\u0101m vi\u0146\u0161 k\u0101 re\u017eisora asistents str\u0101d\u0101jis gan Francij\u0101, gan Ung\u0101rij\u0101 \u2013 ar\u012b pie le\u0123end\u0101r\u0101 Belas T\u0101ra (Bela Tarr) \u2013, tad \u0145ujork\u0101 stud\u0113jis kino re\u017eiju. Vienu no pirmajiem impulsiem \u201cSaula d\u0113la\u201d scen\u0101rijam L\u0101zlo Neme\u0161s uzg\u0101ja gr\u0101mat\u0101, kur\u0101 apkopotas reiz apzin\u0101ti sl\u0113pt\u0101s nacistu n\u0101ves nomet\u0146u darbinieku atmi\u0146as, kas atkl\u0101j \u0161au\u0161al\u012bgu paties\u012bbu par ikdienu nacistu nometn\u0113s \u2013 da\u013ca n\u0101vei nolemto savu dz\u012bvi var\u0113ja paildzin\u0101t, ja dar\u012bja to, uz ko pat nacistu karav\u012bri nebija sp\u0113j\u012bgi. 2001. gad\u0101 Neme\u0161s apmekl\u0113jis foto izst\u0101di, kur\u0101 bija redzamas vien\u012bg\u0101s vizu\u0101l\u0101s liec\u012bbas no Au\u0161vicas: slepeni uz\u0146emtas fotogr\u0101fijas no 1944. gada augusta. Neme\u0161s noskat\u012bjies ar\u012b 1985. gad\u0101 Padomju Savien\u012bb\u0101 tapu\u0161o Elema K\u013cimova (\u042d\u043b\u0435\u043c \u041a\u043b\u0438\u043c\u043e\u0432) dr\u0101mu \u201eEj un skaties\u201d (\u0418\u0434\u0438 \u0438 \u0441\u043c\u043e\u0442\u0440\u0438), kura ataino nacistu okup\u0101cijas laiku Baltkrievij\u0101.<br \/>\nK\u0101 nor\u0101d\u012bjis viens no \u0161\u012b br\u012b\u017ea ietekm\u012bg\u0101kajiem angliski raksto\u0161ajiem kinokriti\u0137iem P\u012bters Bred\u0161ovs, \u201eSaula d\u0113ls\u201d atg\u0101dina par fran\u010du jaun\u0101 vi\u013c\u0146a klasi\u0137a \u017dana Lika God\u0101ra (Jean-Luc Goddard) reiz pausto domu, proti \u2013 viena no kinom\u0101kslas neveiksm\u0113m ir izvair\u012b\u0161an\u0101s run\u0101t par holokaustu, t\u0101 cerot izvair\u012bties no atk\u0101rto\u0161an\u0101s. Neme\u0161s uzsver, ka, vi\u0146apr\u0101t, neaptveramais tom\u0113r ir j\u0101m\u0113\u0123ina aptvert, t\u0101p\u0113c filmas \u201eSaula d\u0113ls\u201d vizu\u0101lo risin\u0101jumu veidojis netradicion\u0101li: kamera visas filmas laik\u0101 neatk\u0101pjas no galven\u0101 varo\u0146a, tas, ko vi\u0146\u0161 redz un dzird, visu laiku ir ar\u012b filmas skat\u012bt\u0101ja acu un ausu priek\u0161\u0101, gandr\u012bz \u0137ermeniski liekot izdz\u012bvot \u0161ausmas, kas norisin\u0101j\u0101s nacistu n\u0101ves nometn\u0113s. Kaut ar\u012b filmas st\u0101sta darb\u012bba saspiesta l\u012bdz pusotrai dienai, emocijas piel\u012bdzin\u0101mas m\u016b\u017e\u012bbas ce\u013cam caur elles lokiem.<br \/>\n\u201eSaula d\u0113ls\u201d ir \u0161\u012b gada Kannu kinofestiv\u0101la Grand Prix \u2013 \u017e\u016brijas balvas laure\u0101te, k\u0101 ar\u012b \u2013 kinokriti\u0137u asoci\u0101cijas FIPRESCI balvas ieguv\u0113ja. \u201eV\u0113l\u0113jos uz\u0146emt filmu, kas man patie\u0161\u0101m kaut ko noz\u012bm\u0113tu un, iesp\u0113jams, \u0161o noz\u012bmi paustu ar\u012b cauri paaudz\u0113m,\u201d k\u0101d\u0101 no intervij\u0101m atz\u012bst L\u0101zlo Neme\u0161s. \u201eEs nemekl\u0113ju varoni, mani neinteres\u0113ja izdz\u012bvo\u0161anas v\u0113sture. Man pat ne\u0161\u0137ita saisto\u0161i par\u0101d\u012bt \u0161o \u201en\u0101ves fabriku\u201d. Es mekl\u0113ju unik\u0101lu skatpunktu, lai st\u0101stu atkl\u0101tu maksim\u0101li vienk\u0101r\u0161i un hum\u0101ni. V\u0113l\u0113jos uz\u0146emt v\u0113sturisku, ta\u010du vienlaikus ar\u012b dz\u012bvu filmu. Mana lente krietni at\u0161\u0137iras no \u201e\u0160indlera saraksta\u201d, kura ir \u013coti laba, talant\u012bgi uz\u0146emta, dramatiska un praktiski ar\u012b episka filma. Mana filma nav par izdz\u012bvo\u0161anu. T\u0101 ir par n\u0101ves realit\u0101ti.\u201d<\/p>\n<p>R\u012bgas Starptautiskais kino festiv\u0101ls norisin\u0101sies no 15. l\u012bdz 25. oktobrim ar Valsts Kult\u016brkapit\u0101la fonda un R\u012bgas Domes atbalstu, sadarb\u012bb\u0101 ar Latvijas Kinematogr\u0101fistu savien\u012bbu un Latvijas Kinoproducentu asoci\u0101ciju. Pirm\u0101s filmas un festiv\u0101la da\u017e\u0101d\u0101s programmas public\u0113tas festiv\u0101la m\u0101jaslap\u0101 \u2013 rigaiff.lv, par jaun\u0101ko var uzzin\u0101t, ar\u012b apmekl\u0113jot Riga IFF \u0161\u0137irk\u013cus Facebook (fb.me\/rigaiff), Twitter (twitter.com\/rigaiff) un Instagram (instagram.com\/riga_iff) vietn\u0113s.<\/p>","protected":false},"excerpt":{"rendered":"<p>Programm\u0101 \u201cRiga IFF Selection\u201d R\u012bgas Starptautiskais kino festiv\u0101ls \u0161ogad izr\u0101d\u012bs vienu no visu laiku iespaid\u012bg\u0101kaj\u0101m kinolent\u0113m, kas veidotas par holokaustu \u2013 ung\u0101ru re\u017eisora L\u0101zlo Neme\u0161a (L\u00e1szl\u00f3 Nemes) dr\u0101mu \u201eSaula d\u0113ls\u201d (Saul fia).<\/p>\n","protected":false},"author":1,"featured_media":4328,"comment_status":"closed","ping_status":"closed","sticky":false,"template":"","format":"standard","meta":{"footnotes":""},"categories":[12],"tags":[],"_links":{"self":[{"href":"https:\/\/2015.rigaiff.lv\/ru\/wp-json\/wp\/v2\/posts\/4326"}],"collection":[{"href":"https:\/\/2015.rigaiff.lv\/ru\/wp-json\/wp\/v2\/posts"}],"about":[{"href":"https:\/\/2015.rigaiff.lv\/ru\/wp-json\/wp\/v2\/types\/post"}],"author":[{"embeddable":true,"href":"https:\/\/2015.rigaiff.lv\/ru\/wp-json\/wp\/v2\/users\/1"}],"replies":[{"embeddable":true,"href":"https:\/\/2015.rigaiff.lv\/ru\/wp-json\/wp\/v2\/comments?post=4326"}],"version-history":[{"count":0,"href":"https:\/\/2015.rigaiff.lv\/ru\/wp-json\/wp\/v2\/posts\/4326\/revisions"}],"wp:featuredmedia":[{"embeddable":true,"href":"https:\/\/2015.rigaiff.lv\/ru\/wp-json\/wp\/v2\/media\/4328"}],"wp:attachment":[{"href":"https:\/\/2015.rigaiff.lv\/ru\/wp-json\/wp\/v2\/media?parent=4326"}],"wp:term":[{"taxonomy":"category","embeddable":true,"href":"https:\/\/2015.rigaiff.lv\/ru\/wp-json\/wp\/v2\/categories?post=4326"},{"taxonomy":"post_tag","embeddable":true,"href":"https:\/\/2015.rigaiff.lv\/ru\/wp-json\/wp\/v2\/tags?post=4326"}],"curies":[{"name":"wp","href":"https:\/\/api.w.org\/{rel}","templated":true}]}}