{"id":4796,"date":"2015-09-30T09:56:46","date_gmt":"2015-09-30T09:56:46","guid":{"rendered":"http:\/\/www.rigaiff.lv\/2015\/?p=4796"},"modified":"2015-10-01T05:17:14","modified_gmt":"2015-10-01T05:17:14","slug":"the-magic-mountain","status":"publish","type":"post","link":"https:\/\/2015.rigaiff.lv\/lv\/the-magic-mountain\/","title":{"rendered":"Burvju kalns"},"content":{"rendered":"<p>Po\u013cu antikomunista Adama Jaceka Vinklera (1937\u20132002) neparastais dz\u012bvesst\u0101sts atdz\u012bvojas stilistiski \u017eilbino\u0161\u0101 anim\u0101cijas film\u0101, kas balst\u012bta Vinklera z\u012bm\u0113jumos, fotogr\u0101fij\u0101s un dienasgr\u0101mat\u0101s. Vinklers pamet dzimteni un apmetas Par\u012bz\u0113; vi\u0146\u0161 ir aizraut\u012bgs, impuls\u012bvs, cinisks un atkar\u012bgs no adrenal\u012bna.<!--more--> Kad s\u0101kas kar\u0161 Afganist\u0101n\u0101, Vinklers atrod kop\u012bgu valodu ar mod\u017eahediem un c\u012bn\u0101s l\u012bdz\u0101s pa\u0161am Ahmedam \u0160\u0101ham Masudam. Atgriezies Eirop\u0101, Vinklers, kur\u0161 ir ar\u012b kaisl\u012bgs alp\u012bnists, vienatn\u0113 dodas iekarot kalnu, kur\u0101 uzk\u0101pt sap\u0146ojis visu m\u016b\u017eu, un tur \u2013 vi\u0146a \u201cburvju kaln\u0101\u201d vi\u0146a m\u016b\u017es ar\u012b nosl\u0113dzas. \u201cBurvju kalns\u201d ir re\u017eisores Ankas Damienas otr\u0101 anim\u0101cijas filma un otr\u0101 filma varon\u012bbas trilo\u0123ij\u0101, ko aizs\u0101ka filma \u201cKruli\u010ds: ce\u013c\u0161 uz aizsauli\u201d (2011). Filma sa\u0146\u0113musi \u017e\u016brijas \u012bpa\u0161o atzin\u012bbu Karlovivaru kinofestiv\u0101l\u0101.<\/p>","protected":false},"excerpt":{"rendered":"<p>The unusual life of Polish anti-communist Adam Jacek Winkler is reanimated in a stylistically brilliant animation film based on Winkler\u2019s drawings, photographs, and diaries. Winkler leaves his home country and settles in Paris; he is an ardent, impulsive and cynical adrenaline addict.<\/p>\n","protected":false},"author":1,"featured_media":4797,"comment_status":"closed","ping_status":"closed","sticky":false,"template":"","format":"standard","meta":{"footnotes":""},"categories":[5,22],"tags":[62,123,41],"_links":{"self":[{"href":"https:\/\/2015.rigaiff.lv\/lv\/wp-json\/wp\/v2\/posts\/4796"}],"collection":[{"href":"https:\/\/2015.rigaiff.lv\/lv\/wp-json\/wp\/v2\/posts"}],"about":[{"href":"https:\/\/2015.rigaiff.lv\/lv\/wp-json\/wp\/v2\/types\/post"}],"author":[{"embeddable":true,"href":"https:\/\/2015.rigaiff.lv\/lv\/wp-json\/wp\/v2\/users\/1"}],"replies":[{"embeddable":true,"href":"https:\/\/2015.rigaiff.lv\/lv\/wp-json\/wp\/v2\/comments?post=4796"}],"version-history":[{"count":2,"href":"https:\/\/2015.rigaiff.lv\/lv\/wp-json\/wp\/v2\/posts\/4796\/revisions"}],"predecessor-version":[{"id":4877,"href":"https:\/\/2015.rigaiff.lv\/lv\/wp-json\/wp\/v2\/posts\/4796\/revisions\/4877"}],"wp:featuredmedia":[{"embeddable":true,"href":"https:\/\/2015.rigaiff.lv\/lv\/wp-json\/wp\/v2\/media\/4797"}],"wp:attachment":[{"href":"https:\/\/2015.rigaiff.lv\/lv\/wp-json\/wp\/v2\/media?parent=4796"}],"wp:term":[{"taxonomy":"category","embeddable":true,"href":"https:\/\/2015.rigaiff.lv\/lv\/wp-json\/wp\/v2\/categories?post=4796"},{"taxonomy":"post_tag","embeddable":true,"href":"https:\/\/2015.rigaiff.lv\/lv\/wp-json\/wp\/v2\/tags?post=4796"}],"curies":[{"name":"wp","href":"https:\/\/api.w.org\/{rel}","templated":true}]}}