{"id":4601,"date":"2015-09-27T21:08:42","date_gmt":"2015-09-27T21:08:42","guid":{"rendered":"http:\/\/www.rigaiff.lv\/2015\/?p=4601"},"modified":"2015-10-03T14:37:42","modified_gmt":"2015-10-03T14:37:42","slug":"ingrid-bergman-in-her-own-words","status":"publish","type":"post","link":"https:\/\/2015.rigaiff.lv\/lv\/ingrid-bergman-in-her-own-words\/","title":{"rendered":"Es esmu Ingr\u012bda"},"content":{"rendered":"<p>\u201cEs esmu Ingr\u012bda, un \u0161is ir mans st\u0101sts.\u201d <!--more-->Veidojot dokument\u0101lo filmu par kino ikonu Ingr\u012bdu Bergmani, re\u017eisors St\u012bgs Bjerkmans sm\u0113lies vi\u0146as dienasgr\u0101mat\u0101s, v\u0113stul\u0113s un \u0123imenes kinoarh\u012bv\u0101. Daudzus filmas kadrus ar amatieru kinokameru uz\u0146\u0113musi pati aktrise. Ainas ar Bergmanes b\u0113rniem, kas draiskojas It\u0101lijas saul\u0113, mijas ar fotoapar\u0101tu zib\u0161\u0146iem filmu pirmizr\u0101d\u0113s un Romas iel\u0101s, kur paparaci cen\u0161as notvert jaun\u0101k\u0101 skand\u0101la varo\u0146us \u2013 Bergmani un re\u017eisoru Roberto Rosel\u012bni. Drosm\u012bgas, talant\u012bgas un neatkar\u012bgas sievietes, kas apsteidz savu laiku un t\u0101 paradumus, dz\u012bvesst\u0101stu pirmaj\u0101 person\u0101 pav\u0113sta pati filmas varone (aizkadra balss \u2013 Al\u012bsija Vikandere).<br \/>\nSt\u012bgs Bjerkmans veidojis dokument\u0101l\u0101s filmas par re\u017eisoriem Ingmaru Bergmanu un Larsu fon Tr\u012bru. Filma par Ingr\u012bdu Bergmani tapusi p\u0113c vi\u0146as meitas, aktrises Isabellas Rosel\u012bni ierosin\u0101juma.<\/p>","protected":false},"excerpt":{"rendered":"<p>\u201cMy name is Ingrid and this is my story.\u201d<\/p>\n","protected":false},"author":1,"featured_media":4602,"comment_status":"closed","ping_status":"closed","sticky":false,"template":"","format":"standard","meta":{"footnotes":""},"categories":[5,21],"tags":[111,80],"_links":{"self":[{"href":"https:\/\/2015.rigaiff.lv\/lv\/wp-json\/wp\/v2\/posts\/4601"}],"collection":[{"href":"https:\/\/2015.rigaiff.lv\/lv\/wp-json\/wp\/v2\/posts"}],"about":[{"href":"https:\/\/2015.rigaiff.lv\/lv\/wp-json\/wp\/v2\/types\/post"}],"author":[{"embeddable":true,"href":"https:\/\/2015.rigaiff.lv\/lv\/wp-json\/wp\/v2\/users\/1"}],"replies":[{"embeddable":true,"href":"https:\/\/2015.rigaiff.lv\/lv\/wp-json\/wp\/v2\/comments?post=4601"}],"version-history":[{"count":6,"href":"https:\/\/2015.rigaiff.lv\/lv\/wp-json\/wp\/v2\/posts\/4601\/revisions"}],"predecessor-version":[{"id":5118,"href":"https:\/\/2015.rigaiff.lv\/lv\/wp-json\/wp\/v2\/posts\/4601\/revisions\/5118"}],"wp:featuredmedia":[{"embeddable":true,"href":"https:\/\/2015.rigaiff.lv\/lv\/wp-json\/wp\/v2\/media\/4602"}],"wp:attachment":[{"href":"https:\/\/2015.rigaiff.lv\/lv\/wp-json\/wp\/v2\/media?parent=4601"}],"wp:term":[{"taxonomy":"category","embeddable":true,"href":"https:\/\/2015.rigaiff.lv\/lv\/wp-json\/wp\/v2\/categories?post=4601"},{"taxonomy":"post_tag","embeddable":true,"href":"https:\/\/2015.rigaiff.lv\/lv\/wp-json\/wp\/v2\/tags?post=4601"}],"curies":[{"name":"wp","href":"https:\/\/api.w.org\/{rel}","templated":true}]}}