{"id":4474,"date":"2015-09-30T15:25:14","date_gmt":"2015-09-30T15:25:14","guid":{"rendered":"http:\/\/www.rigaiff.lv\/2015\/?p=4474"},"modified":"2015-10-05T20:32:27","modified_gmt":"2015-10-05T20:32:27","slug":"schoolyard","status":"publish","type":"post","link":"https:\/\/2015.rigaiff.lv\/lv\/schoolyard\/","title":{"rendered":"Skolas pagalm\u0101"},"content":{"rendered":"<p>At\u0113nas, vasaras karstums. Da\u017ei skol\u0113ni atp\u016b\u0161as skolas pagalm\u0101. Klases ir tuk\u0161as. Saule ir karsta. No debes\u012bm nokr\u012bt \u016bdens bumba. Sp\u0113le ir s\u0101kusies, un j\u0101sp\u0113l\u0113 l\u012bdz galam.<br \/>\n<\/p>","protected":false},"excerpt":{"rendered":"<p>At\u0113nas, vasaras karstums. Da\u017ei skol\u0113ni atp\u016b\u0161as skolas pagalm\u0101. Klases ir tuk\u0161as. Saule ir karsta. No debes\u012bm nokr\u012bt \u016bdens bumba. Sp\u0113le ir s\u0101kusies, un j\u0101sp\u0113l\u0113 l\u012bdz galam.<\/p>\n","protected":false},"author":2,"featured_media":4477,"comment_status":"closed","ping_status":"closed","sticky":false,"template":"","format":"standard","meta":{"footnotes":""},"categories":[5,103,24],"tags":[39,50,134],"_links":{"self":[{"href":"https:\/\/2015.rigaiff.lv\/lv\/wp-json\/wp\/v2\/posts\/4474"}],"collection":[{"href":"https:\/\/2015.rigaiff.lv\/lv\/wp-json\/wp\/v2\/posts"}],"about":[{"href":"https:\/\/2015.rigaiff.lv\/lv\/wp-json\/wp\/v2\/types\/post"}],"author":[{"embeddable":true,"href":"https:\/\/2015.rigaiff.lv\/lv\/wp-json\/wp\/v2\/users\/2"}],"replies":[{"embeddable":true,"href":"https:\/\/2015.rigaiff.lv\/lv\/wp-json\/wp\/v2\/comments?post=4474"}],"version-history":[{"count":7,"href":"https:\/\/2015.rigaiff.lv\/lv\/wp-json\/wp\/v2\/posts\/4474\/revisions"}],"predecessor-version":[{"id":5156,"href":"https:\/\/2015.rigaiff.lv\/lv\/wp-json\/wp\/v2\/posts\/4474\/revisions\/5156"}],"wp:featuredmedia":[{"embeddable":true,"href":"https:\/\/2015.rigaiff.lv\/lv\/wp-json\/wp\/v2\/media\/4477"}],"wp:attachment":[{"href":"https:\/\/2015.rigaiff.lv\/lv\/wp-json\/wp\/v2\/media?parent=4474"}],"wp:term":[{"taxonomy":"category","embeddable":true,"href":"https:\/\/2015.rigaiff.lv\/lv\/wp-json\/wp\/v2\/categories?post=4474"},{"taxonomy":"post_tag","embeddable":true,"href":"https:\/\/2015.rigaiff.lv\/lv\/wp-json\/wp\/v2\/tags?post=4474"}],"curies":[{"name":"wp","href":"https:\/\/api.w.org\/{rel}","templated":true}]}}