{"id":4427,"date":"2015-09-30T15:38:32","date_gmt":"2015-09-30T15:38:32","guid":{"rendered":"http:\/\/www.rigaiff.lv\/2015\/?p=4427"},"modified":"2015-10-05T21:59:25","modified_gmt":"2015-10-05T21:59:25","slug":"dembava","status":"publish","type":"post","link":"https:\/\/2015.rigaiff.lv\/lv\/dembava\/","title":{"rendered":"Dembava"},"content":{"rendered":"<p>Nakt\u012b Matass un Tomass nolaup\u012bja un izvaroja meiteni. No r\u012bta abi ir nezi\u0146\u0101 par to, k\u0101 r\u012bkoties t\u0101l\u0101k. Br\u0101\u013ci klai\u0146o pa dzimto pils\u0113tu, apciemo paz\u012bstamas vietas un l\u0113ni grimst tums\u0101, no kuras neviens no vi\u0146iem neb\u016bs sp\u0113j\u012bgs izk\u013c\u016bt. Kad pien\u0101k nakts, vi\u0146i atrod negaid\u012btu risin\u0101jumu. 2013. gad\u0101, net\u0101lu no Panev\u0113\u017eas, Lietuv\u0101, divi jauni v\u012brie\u0161i sadedzin\u0101ja ma\u0161\u012bnu. Ma\u0161\u012bnas bag\u0101\u017eniek\u0101 tika atrasts meitenes \u0137ermenis.<br \/>\n<\/p>","protected":false},"excerpt":{"rendered":"<p>Nakt\u012b Matass un Tomass nolaup\u012bja un izvaroja meiteni. No r\u012bta abi ir nezi\u0146\u0101 par to, k\u0101 r\u012bkoties t\u0101l\u0101k. Br\u0101\u013ci klai\u0146o pa dzimto pils\u0113tu, apciemo paz\u012bstamas vietas un l\u0113ni grimst tums\u0101, no kuras neviens no vi\u0146iem neb\u016bs sp\u0113j\u012bgs izk\u013c\u016bt. Kad pien\u0101k nakts, vi\u0146i atrod negaid\u012btu risin\u0101jumu. 2013. gad\u0101, net\u0101lu no Panev\u0113\u017eas, Lietuv\u0101, divi jauni v\u012brie\u0161i sadedzin\u0101ja ma\u0161\u012bnu. Ma\u0161\u012bnas bag\u0101\u017eniek\u0101 tika atrasts meitenes \u0137ermenis.<\/p>\n","protected":false},"author":2,"featured_media":4435,"comment_status":"closed","ping_status":"closed","sticky":false,"template":"","format":"standard","meta":{"footnotes":""},"categories":[5,24,110],"tags":[120,77,56],"_links":{"self":[{"href":"https:\/\/2015.rigaiff.lv\/lv\/wp-json\/wp\/v2\/posts\/4427"}],"collection":[{"href":"https:\/\/2015.rigaiff.lv\/lv\/wp-json\/wp\/v2\/posts"}],"about":[{"href":"https:\/\/2015.rigaiff.lv\/lv\/wp-json\/wp\/v2\/types\/post"}],"author":[{"embeddable":true,"href":"https:\/\/2015.rigaiff.lv\/lv\/wp-json\/wp\/v2\/users\/2"}],"replies":[{"embeddable":true,"href":"https:\/\/2015.rigaiff.lv\/lv\/wp-json\/wp\/v2\/comments?post=4427"}],"version-history":[{"count":5,"href":"https:\/\/2015.rigaiff.lv\/lv\/wp-json\/wp\/v2\/posts\/4427\/revisions"}],"predecessor-version":[{"id":5181,"href":"https:\/\/2015.rigaiff.lv\/lv\/wp-json\/wp\/v2\/posts\/4427\/revisions\/5181"}],"wp:featuredmedia":[{"embeddable":true,"href":"https:\/\/2015.rigaiff.lv\/lv\/wp-json\/wp\/v2\/media\/4435"}],"wp:attachment":[{"href":"https:\/\/2015.rigaiff.lv\/lv\/wp-json\/wp\/v2\/media?parent=4427"}],"wp:term":[{"taxonomy":"category","embeddable":true,"href":"https:\/\/2015.rigaiff.lv\/lv\/wp-json\/wp\/v2\/categories?post=4427"},{"taxonomy":"post_tag","embeddable":true,"href":"https:\/\/2015.rigaiff.lv\/lv\/wp-json\/wp\/v2\/tags?post=4427"}],"curies":[{"name":"wp","href":"https:\/\/api.w.org\/{rel}","templated":true}]}}