{"id":4419,"date":"2015-09-30T15:35:55","date_gmt":"2015-09-30T15:35:55","guid":{"rendered":"http:\/\/www.rigaiff.lv\/2015\/?p=4419"},"modified":"2015-10-05T22:03:39","modified_gmt":"2015-10-05T22:03:39","slug":"augstak-par-zemi","status":"publish","type":"post","link":"https:\/\/2015.rigaiff.lv\/lv\/augstak-par-zemi\/","title":{"rendered":"Augst\u0101k par zemi"},"content":{"rendered":"<p>Jaunie\u0161i J\u0113kabs, Linda un Rihards bauda romantisku, boh\u0113mas pilnu pavasari. R\u012bg\u0101 plaukst \u0101beles un nenov\u0113r\u0161ami tuvojas kar\u0161.<br \/>\n<\/p>","protected":false},"excerpt":{"rendered":"<p>Jaunie\u0161i J\u0113kabs, Linda un Rihards bauda romantisku, boh\u0113mas pilnu pavasari. R\u012bg\u0101 plaukst \u0101beles un nenov\u0113r\u0161ami tuvojas kar\u0161.<\/p>\n","protected":false},"author":2,"featured_media":4716,"comment_status":"closed","ping_status":"closed","sticky":false,"template":"","format":"standard","meta":{"footnotes":""},"categories":[5,24,110],"tags":[59,39,73],"_links":{"self":[{"href":"https:\/\/2015.rigaiff.lv\/lv\/wp-json\/wp\/v2\/posts\/4419"}],"collection":[{"href":"https:\/\/2015.rigaiff.lv\/lv\/wp-json\/wp\/v2\/posts"}],"about":[{"href":"https:\/\/2015.rigaiff.lv\/lv\/wp-json\/wp\/v2\/types\/post"}],"author":[{"embeddable":true,"href":"https:\/\/2015.rigaiff.lv\/lv\/wp-json\/wp\/v2\/users\/2"}],"replies":[{"embeddable":true,"href":"https:\/\/2015.rigaiff.lv\/lv\/wp-json\/wp\/v2\/comments?post=4419"}],"version-history":[{"count":7,"href":"https:\/\/2015.rigaiff.lv\/lv\/wp-json\/wp\/v2\/posts\/4419\/revisions"}],"predecessor-version":[{"id":5183,"href":"https:\/\/2015.rigaiff.lv\/lv\/wp-json\/wp\/v2\/posts\/4419\/revisions\/5183"}],"wp:featuredmedia":[{"embeddable":true,"href":"https:\/\/2015.rigaiff.lv\/lv\/wp-json\/wp\/v2\/media\/4716"}],"wp:attachment":[{"href":"https:\/\/2015.rigaiff.lv\/lv\/wp-json\/wp\/v2\/media?parent=4419"}],"wp:term":[{"taxonomy":"category","embeddable":true,"href":"https:\/\/2015.rigaiff.lv\/lv\/wp-json\/wp\/v2\/categories?post=4419"},{"taxonomy":"post_tag","embeddable":true,"href":"https:\/\/2015.rigaiff.lv\/lv\/wp-json\/wp\/v2\/tags?post=4419"}],"curies":[{"name":"wp","href":"https:\/\/api.w.org\/{rel}","templated":true}]}}