{"id":4331,"date":"2015-09-24T21:15:47","date_gmt":"2015-09-24T21:15:47","guid":{"rendered":"http:\/\/www.rigaiff.lv\/2015\/?p=4331"},"modified":"2015-09-24T21:15:47","modified_gmt":"2015-09-24T21:15:47","slug":"latviesu-riga-iff-demonstres-berline-godalgoto-dramu-aferim","status":"publish","type":"post","link":"https:\/\/2015.rigaiff.lv\/lv\/latviesu-riga-iff-demonstres-berline-godalgoto-dramu-aferim\/","title":{"rendered":"Riga IFF demonstr\u0113s Berl\u012bn\u0113 godalgoto dr\u0101mu \u201eAferim!\u201d"},"content":{"rendered":"<p>Programm\u0101 \u201cRiga IFF Selection\u201d R\u012bgas Starptautiskais kino festiv\u0101ls \u0161ogad izr\u0101d\u012bs Berl\u012bnes kinofestiv\u0101la Sudraba l\u0101ci ieguvu\u0161o rum\u0101\u0146u re\u017eisora Radu \u017dudes (Radu Jude) melnbalto pilnmetr\u0101\u017eas filmu \u201eAferim!\u201d<!--more--><\/p>\n<p>1977.gad\u0101 dzimu\u0161ais rum\u0101\u0146u kinore\u017eisors un scen\u0101rists Radu \u017dude bijis Berl\u012bnes, Kannu un Sandensas konkursants, un balvas, ko vi\u0146\u0161 jau ieguvis, nor\u0101da uz Bukarestes Mediju universit\u0101tes absolventa talantu. Karjeras s\u0101kum\u0101 vi\u0146\u0161 str\u0101d\u0101ja k\u0101 asistents, k\u0101 ar\u012b uz\u0146\u0113mis vair\u0101kas \u012bsfilmas, kuru vid\u016b ir ar\u012b \u201eLampa cu caciula\u201d (2006). T\u0101 ieg\u0101jusi Rum\u0101nijas kino v\u0113stur\u0113 k\u0101 darbs, kas sa\u0146\u0113mis visvair\u0101k starptautisku balvu \u2013 filma pl\u016bca laurus Sandens\u0101, Sanfrancisko, Losand\u017eelos\u0101, Hamburg\u0101, Bilbao, Aspen\u0101, Brisel\u0113, Krakov\u0101 un daudzos citos festiv\u0101los. T\u0101pat \u017dude akt\u012bvi veidojis rekl\u0101mas video.<br \/>\nPilnmetr\u0101\u017eas kino Radu \u017dude debit\u0113ja ar kom\u0113diju \u201eLaim\u012bg\u0101k\u0101 meitene pasaul\u0113\u201d (Cea mai fericita fata din lume, 2009), un negaid\u012btie pan\u0101kumi lenti aizveda gan uz Berl\u012bnes kinofestiv\u0101lu, gan Sofiju, gan ar\u012b Kann\u0101m. Rum\u0101\u0146u kino tobr\u012bd bija sasniedzis v\u0113l nebiju\u0161u popularit\u0101ti, un filmas ar niec\u012bgiem bud\u017eetiem un univers\u0101liem st\u0101stiem izaicin\u0101ja skat\u012bt\u0101ju emocijas vis\u0101 pasaul\u0113.<br \/>\nRadu \u017dudes jaun\u0101k\u0101 filma \u201eAferim!\u201d atkl\u0101j dramatisku st\u0101stu, kas inscen\u0113ts 19. gadsimta vidus dekor\u0101cij\u0101s. Melnbalt\u0101 bilde seko l\u012bdzi likumsarga un vi\u0146a d\u0113la gait\u0101m, kuri, sa\u0146\u0113mu\u0161i mui\u017enieka pav\u0113li, dodas mekl\u0113t \u010dig\u0101nu, kur\u0161, pie\u0137erts di\u017ecilt\u012bg\u0101 v\u012bra sievas skav\u0101s, aizb\u0113dzis. Filmas scen\u0101rija pamat\u0101 ir patiesi notikumi no daudzu cilv\u0113ku dz\u012bv\u0113m, kas apvienoti vien\u0101 st\u0101st\u0101 un atkl\u0101j tra\u0123\u0113dijas, par kur\u0101m nav pie\u0146emts run\u0101t \u2013 piecus gadsimtus \u010dig\u0101nu statuss tagad\u0113j\u0101 Rum\u0101nijas teritorij\u0101 bija no\u017e\u0113lojams, vi\u0146i bija vergi, kuru dz\u012bv\u012bb\u0101m nebija v\u0113rt\u012bbas. Ta\u010du \u0161\u012b asi\u0146ain\u0101 paverdzin\u0101\u0161ana atst\u0101jusi b\u016btiskus nospiedumus Rum\u0101nijas v\u0113stur\u0113.<br \/>\nFilma \u201eAferim!\u201d tika iek\u013cauta \u0161\u012b gada Berl\u012bnes kinofestiv\u0101la konkursa programm\u0101, sa\u0146\u0113ma Sudraba l\u0101ci par re\u017eiju, k\u0101 ar\u012b bija izvirz\u012bta Oskaru nomin\u0101cijai kategorij\u0101 \u201eLab\u0101k\u0101 filma \u0101rzemju valod\u0101\u201d. Melnais humors un klasiskie vesternu elementi st\u0101stam pie\u0161\u0137ir papildu dimensiju, un \u017dude ar spilgtiem portretiem run\u0101 par \u012bpa\u0161i ne\u017e\u0113l\u012bgu v\u0113stures posmu, par kuru pasaule labpr\u0101t neko nezin\u0101tu.<\/p>\n<p>R\u012bgas Starptautiskais kino festiv\u0101ls norisin\u0101sies no 15. l\u012bdz 25. oktobrim ar Valsts Kult\u016brkapit\u0101la fonda un R\u012bgas Domes atbalstu, sadarb\u012bb\u0101 ar Latvijas Kinematogr\u0101fistu savien\u012bbu un Latvijas Kinoproducentu asoci\u0101ciju. Pirm\u0101s filmas un festiv\u0101la da\u017e\u0101d\u0101s programmas public\u0113tas festiv\u0101la m\u0101jaslap\u0101 \u2013 rigaiff.lv, par jaun\u0101ko var uzzin\u0101t, ar\u012b apmekl\u0113jot Riga IFF \u0161\u0137irk\u013cus Facebook (fb.me\/rigaiff), Twitter (twitter.com\/rigaiff) un Instagram (instagram.com\/riga_iff) vietn\u0113s.<br \/>\n<\/p>","protected":false},"excerpt":{"rendered":"<p>Programm\u0101 \u201cRiga IFF Selection\u201d R\u012bgas Starptautiskais kino festiv\u0101ls \u0161ogad izr\u0101d\u012bs Berl\u012bnes kinofestiv\u0101la Sudraba l\u0101ci ieguvu\u0161o rum\u0101\u0146u re\u017eisora Radu \u017dudes (Radu Jude) melnbalto pilnmetr\u0101\u017eas filmu \u201eAferim!\u201d<\/p>\n","protected":false},"author":1,"featured_media":4333,"comment_status":"closed","ping_status":"closed","sticky":false,"template":"","format":"standard","meta":{"footnotes":""},"categories":[12],"tags":[],"_links":{"self":[{"href":"https:\/\/2015.rigaiff.lv\/lv\/wp-json\/wp\/v2\/posts\/4331"}],"collection":[{"href":"https:\/\/2015.rigaiff.lv\/lv\/wp-json\/wp\/v2\/posts"}],"about":[{"href":"https:\/\/2015.rigaiff.lv\/lv\/wp-json\/wp\/v2\/types\/post"}],"author":[{"embeddable":true,"href":"https:\/\/2015.rigaiff.lv\/lv\/wp-json\/wp\/v2\/users\/1"}],"replies":[{"embeddable":true,"href":"https:\/\/2015.rigaiff.lv\/lv\/wp-json\/wp\/v2\/comments?post=4331"}],"version-history":[{"count":1,"href":"https:\/\/2015.rigaiff.lv\/lv\/wp-json\/wp\/v2\/posts\/4331\/revisions"}],"predecessor-version":[{"id":4334,"href":"https:\/\/2015.rigaiff.lv\/lv\/wp-json\/wp\/v2\/posts\/4331\/revisions\/4334"}],"wp:featuredmedia":[{"embeddable":true,"href":"https:\/\/2015.rigaiff.lv\/lv\/wp-json\/wp\/v2\/media\/4333"}],"wp:attachment":[{"href":"https:\/\/2015.rigaiff.lv\/lv\/wp-json\/wp\/v2\/media?parent=4331"}],"wp:term":[{"taxonomy":"category","embeddable":true,"href":"https:\/\/2015.rigaiff.lv\/lv\/wp-json\/wp\/v2\/categories?post=4331"},{"taxonomy":"post_tag","embeddable":true,"href":"https:\/\/2015.rigaiff.lv\/lv\/wp-json\/wp\/v2\/tags?post=4331"}],"curies":[{"name":"wp","href":"https:\/\/api.w.org\/{rel}","templated":true}]}}