{"id":4303,"date":"2015-09-24T19:18:22","date_gmt":"2015-09-24T19:18:22","guid":{"rendered":"http:\/\/www.rigaiff.lv\/2015\/?p=4303"},"modified":"2015-09-24T19:19:04","modified_gmt":"2015-09-24T19:19:04","slug":"riga-iff-aicina-klusti-par-programmas-youth_matters-zurijas-dalibnieku","status":"publish","type":"post","link":"https:\/\/2015.rigaiff.lv\/lv\/riga-iff-aicina-klusti-par-programmas-youth_matters-zurijas-dalibnieku\/","title":{"rendered":"Riga IFF aicina \u2013  k\u013c\u016bsti par programmas #Youth_Matters! \u017e\u016brijas dal\u012bbnieku!"},"content":{"rendered":"<p>Ja esi vecum\u0101 no 14 l\u012bdz 18 gadiem, l\u012bdz 9. oktobrim tev ir iesp\u0113ja pieteikties R\u012bgas Starptautisk\u0101 kino festiv\u0101la \u017e\u016brij\u0101 un pasniegt balvu k\u0101dai no festiv\u0101la programmas #Youth_Matters! iek\u013cautaj\u0101m film\u0101m.<!--more--><\/p>\n<p>Kinofestiv\u0101ls nav tikai labu filmu kopums, tie\u0161i festiv\u0101l\u0101 atkl\u0101j jaunus talantus \u2014 re\u017eisorus, aktierus, komponistus, operatorus, t\u0113rpu dizainerus&#8230; Ar\u012b v\u0113r\u012bgus kino skat\u012bt\u0101jus, topo\u0161us kinokriti\u0137us un jaunos festiv\u0101lu kuratorus! Riga IFF programm\u0101 #Youth_Matters! oktobr\u012b uz liel\u0101 ekr\u0101na skat\u0101m\u0101s filmas st\u0101sta par pa\u0161\u0101m svar\u012bg\u0101kaj\u0101m liet\u0101m, gr\u016bt\u0101kajiem jaut\u0101jumiem, to, ko \u012bsti noz\u012bm\u0113 b\u016bt jaunam. Un kur\u0161 gan lab\u0101k par tevi sp\u0113tu nov\u0113rt\u0113t kino darbus, kas skar pieaug\u0161anu, paaud\u017eu konfliktu un savas vietas atra\u0161anu \u0161aj\u0101 pasaul\u0113? T\u0101p\u0113c Riga IFF aicina \u017e\u016brij\u0101 meitenes un pui\u0161us, kam kino ir gan sird\u012b, gan dom\u0101s.<br \/>\nLai pieteiktos dal\u012bbai \u017e\u016brij\u0101, tev j\u0101nofilm\u0113jas \u012bs\u0101 video, kur\u0101 j\u0101izkl\u0101sta savs viedoklis par k\u0101du nesen redz\u0113tu filmu, pamatojot ar\u012b filmas izv\u0113li. Video pieteikumu Riga IFF komandai j\u0101nog\u0101d\u0101 l\u012bdz 9. oktobrim, to public\u0113jot Facebook, Instagram vai Twitter ar mirk\u013cbirku <em>(hashtag)<\/em> #RIGA_IFF_JAUNIE_EKSPERTI un dro\u0161\u012bbas p\u0113c \u2013 ar\u012b pievienojot @RigaIFF (Twitter) vai @Riga_IFF (Instagram). Ja nev\u0113lies dal\u012bties ar video publiski, dro\u0161i s\u016bti saiti uz priv\u0101tu video uz e-pasta adresi info@rigaiff.lv, temat\u0101 nor\u0101dot to pa\u0161u #RIGA_IFF_JAUNIE_EKSPERTI.<\/p>\n<p>R\u012bgas Starptautiskais kino festiv\u0101ls norisin\u0101sies no 15. l\u012bdz 25. oktobrim ar Valsts Kult\u016brkapit\u0101la fonda un R\u012bgas Domes atbalstu, sadarb\u012bb\u0101 ar Latvijas Kinematogr\u0101fistu savien\u012bbu un Latvijas Kinoproducentu asoci\u0101ciju. \u0160obr\u012bd izzi\u0146ot\u0101s filmas un festiv\u0101la da\u017e\u0101d\u0101s programmas public\u0113tas festiv\u0101la m\u0101jaslap\u0101 rigaiff.lv, par jaun\u0101ko var uzzin\u0101t, ar\u012b apmekl\u0113jot Riga IFF \u0161\u0137irk\u013cus Facebook (fb.me\/rigaiff), Twitter (twitter.com\/rigaiff) un Instagram (instagram.com\/riga_iff) vietn\u0113s. Programma \u201cJaunie\u0161u lietas \/ #Youth Matters\u201d tapu\u0161i sadarb\u012bb\u0101 ar Eiropas Ekonomikas zonas finan\u0161u instrumenta (EEZ) programmas \u201eKult\u016bras un dabas mantojuma saglab\u0101\u0161anas un atjaunin\u0101\u0161ana\u201d atbalstu, \u012bstenojot projektu \u201cFilmu programmas apmai\u0146a starp R\u012bgas Starptautisko kinofestiv\u0101lu un Kristiansandas Starptautisko b\u0113rnu filmu festiv\u0101lu\u201d.<\/p>","protected":false},"excerpt":{"rendered":"<p>Ja esi vecum\u0101 no 14 l\u012bdz 18 gadiem, l\u012bdz 9. oktobrim tev ir iesp\u0113ja pieteikties R\u012bgas Starptautisk\u0101 kino festiv\u0101la \u017e\u016brij\u0101 un pasniegt balvu k\u0101dai no festiv\u0101la programmas #Youth_Matters! iek\u013cautaj\u0101m film\u0101m.<\/p>\n","protected":false},"author":1,"featured_media":4305,"comment_status":"closed","ping_status":"closed","sticky":false,"template":"","format":"standard","meta":{"footnotes":""},"categories":[12],"tags":[],"_links":{"self":[{"href":"https:\/\/2015.rigaiff.lv\/lv\/wp-json\/wp\/v2\/posts\/4303"}],"collection":[{"href":"https:\/\/2015.rigaiff.lv\/lv\/wp-json\/wp\/v2\/posts"}],"about":[{"href":"https:\/\/2015.rigaiff.lv\/lv\/wp-json\/wp\/v2\/types\/post"}],"author":[{"embeddable":true,"href":"https:\/\/2015.rigaiff.lv\/lv\/wp-json\/wp\/v2\/users\/1"}],"replies":[{"embeddable":true,"href":"https:\/\/2015.rigaiff.lv\/lv\/wp-json\/wp\/v2\/comments?post=4303"}],"version-history":[{"count":2,"href":"https:\/\/2015.rigaiff.lv\/lv\/wp-json\/wp\/v2\/posts\/4303\/revisions"}],"predecessor-version":[{"id":4307,"href":"https:\/\/2015.rigaiff.lv\/lv\/wp-json\/wp\/v2\/posts\/4303\/revisions\/4307"}],"wp:featuredmedia":[{"embeddable":true,"href":"https:\/\/2015.rigaiff.lv\/lv\/wp-json\/wp\/v2\/media\/4305"}],"wp:attachment":[{"href":"https:\/\/2015.rigaiff.lv\/lv\/wp-json\/wp\/v2\/media?parent=4303"}],"wp:term":[{"taxonomy":"category","embeddable":true,"href":"https:\/\/2015.rigaiff.lv\/lv\/wp-json\/wp\/v2\/categories?post=4303"},{"taxonomy":"post_tag","embeddable":true,"href":"https:\/\/2015.rigaiff.lv\/lv\/wp-json\/wp\/v2\/tags?post=4303"}],"curies":[{"name":"wp","href":"https:\/\/api.w.org\/{rel}","templated":true}]}}