{"id":4110,"date":"2015-09-16T22:02:55","date_gmt":"2015-09-16T22:02:55","guid":{"rendered":"http:\/\/www.rigaiff.lv\/2015\/?p=4110"},"modified":"2015-09-16T22:04:31","modified_gmt":"2015-09-16T22:04:31","slug":"svinigu-vakarinu-gaita-tiek-atklatas-pirmas-rigas-starptautiska-kino-festivala-filmas","status":"publish","type":"post","link":"https:\/\/2015.rigaiff.lv\/lv\/svinigu-vakarinu-gaita-tiek-atklatas-pirmas-rigas-starptautiska-kino-festivala-filmas\/","title":{"rendered":"Svin\u012bgu vakari\u0146u gait\u0101 tiek atkl\u0101tas pirm\u0101s R\u012bgas Starptautisk\u0101 kino festiv\u0101la filmas"},"content":{"rendered":"<p>Ceturtdien, 20. august\u0101 nesen atkl\u0101taj\u0101 Splendid Palace pagrabst\u0101va kafejn\u012bc\u0101 Cafe Film Noir R\u012bgas Starptautisk\u0101 kino festiv\u0101la (Riga IFF) komanda Latvijas kinematogr\u0101fa un kult\u016bras p\u0101rst\u0101vjiem pied\u0101v\u0101ja ieskatu oktobr\u012b gaid\u0101m\u0101 festiv\u0101la satur\u0101.<br \/>\n<!--more--><br \/>\n\u201cVakars pie viena galda mums \u0161\u0137iet b\u016btisks, lai tie\u0161i vai netie\u0161i m\u0113s visi kop\u0101 festiv\u0101lu padar\u012btu par \u012bpa\u0161u notikumu ne tikai mums pa\u0161iem \u2013 kino profesion\u0101\u013ciem un m\u012bl\u0113t\u0101jiem, bet ar\u012b visai R\u012bgai un Latvijai un eventu\u0101li \u2013 Eiropai un pasaulei,\u201d viesus, kuru vid\u016b bija visu kino nozares organiz\u0101ciju, k\u0101 ar\u012b valsts kult\u016bras instit\u016bciju p\u0101rst\u0101vji, uzrun\u0101ja festiv\u0101la prezidente Aija B\u0113rzi\u0146a.<\/p>\n<p>Savuk\u0101rt, Sonora Broka \u2013 festiv\u0101la rado\u0161\u0101 direktore st\u0101st\u012bja par asto\u0146\u0101m festiv\u0101la programm\u0101m, kuru ietvaros desmit dienu garum\u0101 \u2013 no 15. l\u012bdz 25. oktobrim kinote\u0101tr\u012b Splendid Palace Latvijas publika un R\u012bgas viesi var\u0113s baud\u012bt pasaules jaun\u0101ko un interesant\u0101ko kino, Latvijas filmas sadarb\u012bb\u0101 ar festiv\u0101lu Lielais Kristaps, cin\u00e9ma v\u00e9rit\u00e9 un direct cinema retrospekt\u012bvu, zieme\u013cvalstu kino izlasi, \u012bsfilmas un eksperiment\u0101lo kino (kuratoru komanda SHORT RIGA), svar\u012bg\u0101ko krievu dokument\u0101lo kino sadarb\u012bb\u0101 ar neatkar\u012bgo festiv\u0101lu ARTDOCFEST, filmas pavisam mazajiem un \u0123imen\u0113m, k\u0101 ar\u012b \u2013 kino par pieaug\u0161anu jaunajiem kino skat\u012btajiem. <\/p>\n<p>Programm\u0101 Riga IFF Izlase (Riga IFF Selection) tika min\u0113tas da\u017eas no spilgt\u0101kaj\u0101m \u0161\u012b gada lent\u0113m \u2013 Eiropas kino klasi\u0137a Benu\u0101 \u017dako (Beno\u00eet Jacquot) Okt\u0101va Mirbo \u201cCelest\u012bnes piedz\u012bvojumi\u201d ekraniz\u0101cija ar Francijas \u201cjauno laiku d\u012bvu\u201d Leu Sed\u016b (L\u00e9a Seydoux), k\u0101dreiz\u0113j\u0101s skotu kulta grupas The Beta Band dal\u012bbnieka D\u017eona Makl\u012bna (John Maclean) spo\u017e\u0101 debija Sundance filmu festival\u0101 \u2013 Gausie Rietumi (Slow West) ar Maiklu Fasbinderu (Michael Fassbender), Roterdamas Starptautisk\u0101 kinofestiv\u0101la p\u0113rle \u2013 austrie\u0161a Lukasa Valentas Rinera (Lukas Valenta Rinner) Argent\u012bn\u0101 film\u0113t\u0101 debija Parabellum. Visas nosaukt\u0101s filmas b\u016bs ar\u012b Latvijas pirmizr\u0101des.<\/p>\n<p>Jaunie\u0161u programmas #Youth_Matters! ietvaros R\u012bga piedz\u012bvos Kannu Palmas zaram nomin\u0113t\u0101s norv\u0113\u0123u br\u012bnumb\u0113rna Joahima Tr\u012bra (Joachim Trier) pirm\u0101s filmas ang\u013cu valod\u0101 \u2013 Ska\u013c\u0101k par spr\u0101dzieniem (Louder Than Bombs) ar zvaig\u017e\u0146u komandu, kuru vid\u016b ar\u012b Jese Aisenbergs (Jesse Eisenberg) un Izbella Ip\u0113ra (Isabelle Huppert), pirmizr\u0101di, k\u0101 ar\u012b Kristiansandas festiv\u0101la atradums \u2013 Sannas Lenkenas (Sanna Lenken) Mana tiev\u0101 m\u0101sa (Min lilla syster).<\/p>\n<p>B\u0113rnu filmu programma Kids Weekend b\u016bs pas\u0101kums visai \u0123imenei \u2013 ned\u0113\u013cas nogale ar garaj\u0101m brokast\u012bm restor\u0101n\u0101 Tinto un anim\u0101cijas darbn\u012bc\u0101m, bet uz ekr\u0101niem \u2013 zieme\u013cvalstu br\u012bnumain\u0101s un cilv\u0113cisk\u0101s filmas, piem\u0113ram \u2013 Zupas pils\u0113tas slepen\u0101 biedr\u012bba (Supilinna Salaselts).<\/p>\n<p>Retrospekcijas programm\u0101 In Kino Veritas jau \u0161obr\u012bd pieteiktas amerik\u0101\u0146u kulta re\u017eisora D\u017eona Kasav\u012btisa (John Cassavetes) R\u012bg\u0101 reti izr\u0101d\u012bt\u0101 Sejas (Faces, 1968) un sociologu, antropologu, ta\u010du vienlaikus ar\u012b kinore\u017eisoru \u017dana Ru\u0161a (Jean Rouch) un Edgara Mor\u0113na (Edgar Morin) 1961. gada Vienas vasaras hronika (Chronique d&#8217;un \u00e9t\u00e9).<\/p>\n<p>Viena no sadarb\u012bb\u0101 ar D\u0101nijas, Zviedrijas, Norv\u0113\u0123ijas, Somijas v\u0113stniec\u012bb\u0101m, D\u0101nijas Kult\u016bras instit\u016btu un Zieme\u013cvalstu Ministru padomes biroju Latvij\u0101 tapu\u0161\u0101s programmas Nordic Highlights film\u0101m b\u016bs re\u017eisora otr\u0101 J.P. Valkeap\u0113 (J.-P. Valkeap\u00e4\u00e4) lente \u2013 Vi\u0146i ir izb\u0113gu\u0161i (He ovat paenneet), kura sa\u0146\u0113musi Somijas nacion\u0101lo balvu.<\/p>\n<p>Vakari\u0146u gait\u0101 tika nosaukts ar\u012b viens no festiv\u0101la pas\u0101kumiem \u0101rpus liel\u0101 ekr\u0101na \u2013 15. oktobr\u012b Splendid Palace tiks atkl\u0101ta Zigm\u0101ra Jaujas izst\u0101de \u201cZudu\u0161os kinote\u0101trus mekl\u0113jot\u201d \u2013 vienlaikus \u0161is projekts ir gan fotoizst\u0101de, gan personisks un padzi\u013cin\u0101ts p\u0113t\u012bjums par R\u012bgas pils\u0113tas v\u0113sturiski neapstr\u012bdamo, ta\u010du izz\u016bdo\u0161o v\u0113rt\u012bbu \u2013 kinote\u0101triem! Arhitekts, ta\u010du br\u012bvaj\u0101 laik\u0101 ar\u012b fotogr\u0101fs ar st\u0101stnieka talantu, Zigm\u0101rs Jauja ar \u0161o projektu atg\u0101dina, ka kino nav tikai pati filma, bet ar\u012b t\u0101s skat\u012b\u0161an\u0101s pieredze. S\u0101kotn\u0113j\u0101s \u201cZudu\u0161os kinote\u0101trus mekl\u0113jot\u201d aprises las\u0101mas un apskat\u0101mas aktu\u0101laj\u0101 gr\u0101mat\u017eurn\u0101la Benji Knewman izdevum\u0101.<\/p>\n<p>Ta\u010du svar\u012bg\u0101kais vakara jaunums \u2013 \u0161ogad R\u012bgas Starptautiskais kino festiv\u0101ls r\u012bko starptautisku konkursu, kura ietvaros R\u012bg\u0101 starptautiska \u017eurija, kuras sast\u0101vs tiks izzi\u0146ots septembr\u012b, kop\u0101 ar skat\u012bt\u0101jiem R\u012bg\u0101 v\u0113rt\u0113s asto\u0146as filmas. Festiv\u0101ls savai pirmajai balvai izraudz\u012bsies pilnmetr\u0101\u017eas darbu, ta\u010du konkursam nav ne \u017eanrisku, ne stilistisku ierobe\u017eojumu, t\u0101tad \u2013 oktobr\u012b konkursa programm\u0101, iesp\u0113jams, redz\u0113sim gan sp\u0113lfilmas, gan dokument\u0101lo kino, anim\u0101ciju vai kaut visu \u0161o discipl\u012bnu sakaus\u0113jumu. Konkurss pirmaj\u0101 gad\u0101 ierobe\u017eots vien re\u0123ion\u0101li \u2013 filmas b\u016bs no Baltijas j\u016bras valst\u012bm.<\/p>\n<p>Pirm\u0101s filmas un festiv\u0101la programmas nule public\u0113tas ar\u012b festiv\u0101la m\u0101jaslap\u0101 \u2013 rigaiff.lv, bet par festiv\u0101la jaunumiem pirmie uzzin\u0101sit, apmekl\u0113jot Riga IFF soci\u0101lo t\u012bklu profilus Facebook (fb.me\/rigaiff), Twitter (twitter.com\/rigaiff) un Instagram (instagram.com\/riga_iff). Festiv\u0101la pieteikuma videorull\u012btis: youtu.be\/oE-rU3-d-m8 <\/p>\n<p>R\u012bgas Starptautiskais kino festiv\u0101ls top ar Valsts Kult\u016brkapit\u0101la fonda un R\u012bgas Domes atbalstu, sadarb\u012bb\u0101 ar Latvijas Kinematogr\u0101fistu savien\u012bbu un Latvijas Kinoproducentu asoci\u0101ciju.<\/p>\n<p>Resursi medijiem:<br \/>\nBILDES NO RIGA IFF VAKARI\u0145\u0100M: https:\/\/goo.gl\/Jdivqw<br \/>\nFILMU PUBLICIT\u0100TES MATERI\u0100LI: https:\/\/goo.gl\/7QYQZI<br \/>\nRIGA IFF PUBLICIT\u0100TES MATERI\u0100LI: https:\/\/goo.gl\/wXZSVq <\/p>","protected":false},"excerpt":{"rendered":"<p>Ceturtdien, 20. august\u0101 nesen atkl\u0101taj\u0101 Splendid Palace pagrabst\u0101va kafejn\u012bc\u0101 Cafe Film Noir R\u012bgas Starptautisk\u0101 kino festiv\u0101la (Riga IFF) komanda Latvijas kinematogr\u0101fa un kult\u016bras p\u0101rst\u0101vjiem pied\u0101v\u0101ja ieskatu oktobr\u012b gaid\u0101m\u0101 festiv\u0101la satur\u0101.<\/p>\n","protected":false},"author":1,"featured_media":4113,"comment_status":"closed","ping_status":"closed","sticky":false,"template":"","format":"standard","meta":{"footnotes":""},"categories":[12],"tags":[],"_links":{"self":[{"href":"https:\/\/2015.rigaiff.lv\/lv\/wp-json\/wp\/v2\/posts\/4110"}],"collection":[{"href":"https:\/\/2015.rigaiff.lv\/lv\/wp-json\/wp\/v2\/posts"}],"about":[{"href":"https:\/\/2015.rigaiff.lv\/lv\/wp-json\/wp\/v2\/types\/post"}],"author":[{"embeddable":true,"href":"https:\/\/2015.rigaiff.lv\/lv\/wp-json\/wp\/v2\/users\/1"}],"replies":[{"embeddable":true,"href":"https:\/\/2015.rigaiff.lv\/lv\/wp-json\/wp\/v2\/comments?post=4110"}],"version-history":[{"count":2,"href":"https:\/\/2015.rigaiff.lv\/lv\/wp-json\/wp\/v2\/posts\/4110\/revisions"}],"predecessor-version":[{"id":4115,"href":"https:\/\/2015.rigaiff.lv\/lv\/wp-json\/wp\/v2\/posts\/4110\/revisions\/4115"}],"wp:featuredmedia":[{"embeddable":true,"href":"https:\/\/2015.rigaiff.lv\/lv\/wp-json\/wp\/v2\/media\/4113"}],"wp:attachment":[{"href":"https:\/\/2015.rigaiff.lv\/lv\/wp-json\/wp\/v2\/media?parent=4110"}],"wp:term":[{"taxonomy":"category","embeddable":true,"href":"https:\/\/2015.rigaiff.lv\/lv\/wp-json\/wp\/v2\/categories?post=4110"},{"taxonomy":"post_tag","embeddable":true,"href":"https:\/\/2015.rigaiff.lv\/lv\/wp-json\/wp\/v2\/tags?post=4110"}],"curies":[{"name":"wp","href":"https:\/\/api.w.org\/{rel}","templated":true}]}}