{"id":4025,"date":"2015-09-15T15:37:55","date_gmt":"2015-09-15T15:37:55","guid":{"rendered":"http:\/\/www.rigaiff.lv\/2015\/?p=4025"},"modified":"2015-10-01T10:09:51","modified_gmt":"2015-10-01T10:09:51","slug":"grozny-blues","status":"publish","type":"post","link":"https:\/\/2015.rigaiff.lv\/lv\/grozny-blues\/","title":{"rendered":"Groznijas bl\u016bzs"},"content":{"rendered":"<p>Divdesmit gadus p\u0113c neveiksm\u012bg\u0101 m\u0113\u0123in\u0101juma ieg\u016bt neatkar\u012bbu, dz\u012bve \u010ce\u010denijas galvaspils\u0113t\u0101 Groznij\u0101 aizvien rit trausl\u0101 l\u012bdzsvar\u0101 starp karu un mieru. Arhaiskas trad\u012bcijas un politiskas represijas kontrast\u0113 ar moderniem debesskr\u0101pjiem un br\u012bv\u012bbas ilg\u0101m. <!--more-->Filmas \u010detras varones c\u012bn\u0101s par cilv\u0113kties\u012bbu iev\u0113ro\u0161anu, kam\u0113r situ\u0101cija valst\u012b k\u013c\u016bst arvien toksisk\u0101ka. P\u0101rmai\u0146as aptvert cen\u0161as ar\u012b jaunie\u0161i, kuri apmekl\u0113 bl\u016bza klubu, kas atrodas vien\u0101 \u0113k\u0101 ar cilv\u0113kties\u012bbu organiz\u0101cijas biroju. Vi\u0146iem \u010ce\u010denijas kar\u0161 noz\u012bm\u0113 tikai neskaidras b\u0113rn\u012bbas atmi\u0146as. Kombin\u0113jot da\u017e\u0101dos laikos uz\u0146emtus materi\u0101lus vien\u0101 simult\u0101n\u0101, simbolisk\u0101 realit\u0101t\u0113, re\u017eisors Nikol\u0101 Bellu\u010di kompon\u0113 \u201cGroznijas bl\u016bzu\u201d \u2013 po\u0113tisku, person\u012bgu un politisku.<br \/>\n<\/p>","protected":false},"excerpt":{"rendered":"<p>Twenty years after the unsuccessful attempt to establish independence from Russia, the life in Chechnya\u2019s capital Grozny still verges on the fragile border between war and peace. Archaic traditions and political repression contrast with modern skyscrapers and the longing for freedom.<\/p>\n","protected":false},"author":1,"featured_media":4026,"comment_status":"closed","ping_status":"closed","sticky":false,"template":"","format":"standard","meta":{"footnotes":""},"categories":[18,5],"tags":[68,57,53],"_links":{"self":[{"href":"https:\/\/2015.rigaiff.lv\/lv\/wp-json\/wp\/v2\/posts\/4025"}],"collection":[{"href":"https:\/\/2015.rigaiff.lv\/lv\/wp-json\/wp\/v2\/posts"}],"about":[{"href":"https:\/\/2015.rigaiff.lv\/lv\/wp-json\/wp\/v2\/types\/post"}],"author":[{"embeddable":true,"href":"https:\/\/2015.rigaiff.lv\/lv\/wp-json\/wp\/v2\/users\/1"}],"replies":[{"embeddable":true,"href":"https:\/\/2015.rigaiff.lv\/lv\/wp-json\/wp\/v2\/comments?post=4025"}],"version-history":[{"count":7,"href":"https:\/\/2015.rigaiff.lv\/lv\/wp-json\/wp\/v2\/posts\/4025\/revisions"}],"predecessor-version":[{"id":4963,"href":"https:\/\/2015.rigaiff.lv\/lv\/wp-json\/wp\/v2\/posts\/4025\/revisions\/4963"}],"wp:featuredmedia":[{"embeddable":true,"href":"https:\/\/2015.rigaiff.lv\/lv\/wp-json\/wp\/v2\/media\/4026"}],"wp:attachment":[{"href":"https:\/\/2015.rigaiff.lv\/lv\/wp-json\/wp\/v2\/media?parent=4025"}],"wp:term":[{"taxonomy":"category","embeddable":true,"href":"https:\/\/2015.rigaiff.lv\/lv\/wp-json\/wp\/v2\/categories?post=4025"},{"taxonomy":"post_tag","embeddable":true,"href":"https:\/\/2015.rigaiff.lv\/lv\/wp-json\/wp\/v2\/tags?post=4025"}],"curies":[{"name":"wp","href":"https:\/\/api.w.org\/{rel}","templated":true}]}}