{"id":3898,"date":"2015-09-08T23:29:09","date_gmt":"2015-09-08T23:29:09","guid":{"rendered":"http:\/\/www.rigaiff.lv\/2015\/?p=3898"},"modified":"2015-10-01T08:34:56","modified_gmt":"2015-10-01T08:34:56","slug":"son-of-saul","status":"publish","type":"post","link":"https:\/\/2015.rigaiff.lv\/lv\/son-of-saul\/","title":{"rendered":"Saula d\u0113ls"},"content":{"rendered":"<p>Au\u0161vices n\u0101ves nometnes ieslodz\u012btais Sauls, kur\u0161 nor\u012bkots str\u0101d\u0101t nometnes krematorij\u0101, atrod j\u0113gu dz\u012bves p\u0113d\u0113j\u0101m dien\u0101m, cen\u0161oties apglab\u0101t maza z\u0113na mirst\u012bg\u0101s atliekas saska\u0146\u0101 ar ebreju trad\u012bcij\u0101m. <!--more-->Vaic\u0101ts, k\u0101d\u0113\u013c savai pirmajai pilnmetr\u0101\u017eas filmai izv\u0113l\u0113jies tik smagu t\u0113mu, re\u017eisors L\u0101zlo Neme\u0161s atbild, ka, vi\u0146apr\u0101t, neiedom\u0101jamo tom\u0113r ir j\u0101m\u0113\u0123ina aptvert. Lai gan kamera vis\u0101 filmas garum\u0101 neatk\u0101pjas no t\u0101s galven\u0101 varo\u0146a, tie\u0161i tas, kas notiek vi\u0146a redzes un dzirdes perif\u0113rij\u0101, \u013cauj skat\u012bt\u0101jam gandr\u012bz \u0137ermeniski izjust n\u0101ves nometnes \u0161ausmas, padarot \u201cSaula d\u0113lu\u201d par vienu no visu laiku iespaid\u012bg\u0101kaj\u0101m film\u0101m, kas uz\u0146emta par holokaustu. Filma sa\u0146\u0113musi Kannu kinofestiv\u0101la \u017e\u016brijas balvu un Eiropas kinokriti\u0137u asoci\u0101cijas FIPRESCI \u017e\u016brijas balvu.<\/p>","protected":false},"excerpt":{"rendered":"<p>Saul, a prisoner at Auschwitz who is forced to work at the camp\u2019s crematorium assigns a special meaning to the last days of his life by deciding to bury a corpse of a little boy in accordance with Jewish traditions.<\/p>\n","protected":false},"author":1,"featured_media":3899,"comment_status":"closed","ping_status":"closed","sticky":false,"template":"","format":"standard","meta":{"footnotes":""},"categories":[5,23],"tags":[39,50,61],"_links":{"self":[{"href":"https:\/\/2015.rigaiff.lv\/lv\/wp-json\/wp\/v2\/posts\/3898"}],"collection":[{"href":"https:\/\/2015.rigaiff.lv\/lv\/wp-json\/wp\/v2\/posts"}],"about":[{"href":"https:\/\/2015.rigaiff.lv\/lv\/wp-json\/wp\/v2\/types\/post"}],"author":[{"embeddable":true,"href":"https:\/\/2015.rigaiff.lv\/lv\/wp-json\/wp\/v2\/users\/1"}],"replies":[{"embeddable":true,"href":"https:\/\/2015.rigaiff.lv\/lv\/wp-json\/wp\/v2\/comments?post=3898"}],"version-history":[{"count":9,"href":"https:\/\/2015.rigaiff.lv\/lv\/wp-json\/wp\/v2\/posts\/3898\/revisions"}],"predecessor-version":[{"id":4865,"href":"https:\/\/2015.rigaiff.lv\/lv\/wp-json\/wp\/v2\/posts\/3898\/revisions\/4865"}],"wp:featuredmedia":[{"embeddable":true,"href":"https:\/\/2015.rigaiff.lv\/lv\/wp-json\/wp\/v2\/media\/3899"}],"wp:attachment":[{"href":"https:\/\/2015.rigaiff.lv\/lv\/wp-json\/wp\/v2\/media?parent=3898"}],"wp:term":[{"taxonomy":"category","embeddable":true,"href":"https:\/\/2015.rigaiff.lv\/lv\/wp-json\/wp\/v2\/categories?post=3898"},{"taxonomy":"post_tag","embeddable":true,"href":"https:\/\/2015.rigaiff.lv\/lv\/wp-json\/wp\/v2\/tags?post=3898"}],"curies":[{"name":"wp","href":"https:\/\/api.w.org\/{rel}","templated":true}]}}