{"id":4104,"date":"2015-09-16T21:52:23","date_gmt":"2015-09-16T21:52:23","guid":{"rendered":"http:\/\/www.rigaiff.lv\/2015\/?p=4104"},"modified":"2015-09-24T19:27:05","modified_gmt":"2015-09-24T19:27:05","slug":"mateo-garones-baisas-pasakas-latvijas-pirmizrade-riga-iff-ietvaros","status":"publish","type":"post","link":"https:\/\/2015.rigaiff.lv\/en\/mateo-garones-baisas-pasakas-latvijas-pirmizrade-riga-iff-ietvaros\/","title":{"rendered":"Mateo Garones &#8220;Bais\u0101s pasakas&#8221; Latvijas pirmizr\u0101de \u2013 Riga IFF ietvaros"},"content":{"rendered":"<p class=\"qtranxs-available-languages-message qtranxs-available-languages-message-en\"> <\/p><p>Trad\u012bcijas, fant\u0101zija un groteska sapl\u016bdusi it\u0101\u013cu re\u017eisora Mateo Garones (Matteo Garrone) ekstravagantaj\u0101 film\u0101 \u201cBais\u0101s pasakas\u201d (Il racconto dei racconti), kuru Kannu kinofestiv\u0101l\u0101 \u0161ogad izr\u0101d\u012bja konkursa programm\u0101.<br \/>\n<!--more--><br \/>\nK\u0101da karaliene tik izmis\u012bgi v\u0113las b\u0113rnu, ka ir gatava uz visu \u2013 pat upur\u0113t savu m\u012b\u013coto un mieloties ar m\u012btiska rad\u012bjuma sirdi, ko pagatavojusi jaunava. K\u0101das zemes karalis \u2013 brun\u010dumednieks, izbaud\u012bjis visu, ko vien \u0161\u012b pasaule sp\u0113j pied\u0101v\u0101t, iem\u012blas sve\u0161inieces bals\u012b. K\u0101ds cits karalis neveiksm\u012bgi mekl\u0113 precinieku savai vien\u012bgajai meitai, ta\u010du p\u0113k\u0161\u0146i vi\u0146a uzman\u012bbu sagr\u0101bj niec\u012bga mu\u0161a&#8230; Tr\u012bs st\u0101sti, tr\u012bs pasakas, tr\u012bs m\u0101c\u012bbas no trejdevi\u0146\u0101m zem\u0113m \u2013 it\u0101\u013cu re\u017eisors Mateo Garone film\u0101 \u201eBais\u0101s pasakas\u201d skat\u012bt\u0101jiem sar\u016bp\u0113jis si\u017eetiskus l\u012bklo\u010dus, savu scen\u0101riju balst\u012bdams uz 17. gadsimt\u0101 dz\u012bvoju\u0161\u0101 neapolie\u0161u dzejnieka un galmam tuvu st\u0101vo\u0161\u0101 D\u017eambatistas Bazila (Giambattista Basile) pasaku kr\u0101jum\u0101. Taj\u0101 atrodami aizmet\u0146i pasak\u0101m par Duso\u0161o skaistuli un Pelnru\u0161\u0137\u012bti to agr\u012bnaj\u0101s, apzin\u0101ti neizpu\u0161\u0137otaj\u0101s versij\u0101s, pirms t\u0101m kl\u0101t \u0137\u0113r\u0101s \u0160arls Pero, br\u0101\u013ci Grimmi un Hanss Kristians Andersens.<br \/>\nBazila pasakas Garone dev\u012bgi papildin\u0101jis ar pa\u0161a fant\u0101ziju, to vizualiz\u0101cijai etalonus aiz\u0146emoties ar\u012b Terija Giljama (Terry Gilliam) un Giljermo del Toro (Guillermo del Toro) kinolent\u0113s. Savuk\u0101rt 12 miljonus eiro lielais bud\u017eets \u013c\u0101vis kadr\u0101 sapulcin\u0101t gan slaven\u0101ko meksik\u0101nieti Holivud\u0101 Selmu Hajeku (Selma Hayek), gan franc\u016bzi Vens\u0101nu Kaselu (Vincent Cassel), gan meistar\u012bgo ang\u013cu raksturlomu atveidot\u0101ju Tobiju D\u017eonsu (Toby Jones), gan Oskaram nomin\u0113to amerik\u0101ni D\u017eonu K. Reiliju (John C. Reilly).<br \/>\nMateo Garones pirm\u0101 filma ang\u013cu valod\u0101 ir v\u0113rien\u012bg\u0101kais darbs, k\u0101du vi\u0146\u0161 pagaid\u0101m uz\u0146\u0113mis, un t\u0101 ir It\u0101lijas, Francijas un Lielbrit\u0101nijas kopprodukcija. Kr\u0101\u0161\u0146as dekor\u0101cijas, izsmalcin\u0101ti t\u0113rpi, elpu aizraujo\u0161i masu skati un fantasmagoriskas v\u012bzijas sav\u012btas ar melno humoru, ko nov\u0113rt\u0113ja ar\u012b Kannu kinofestiv\u0101la veidot\u0101ji, \u201eBais\u0101s pasakas\u201d iek\u013caujot konkursa programm\u0101, gan uzsverot, ka b\u0113rniem l\u012bdz 16 gadu vecumam \u0161\u012bs pasakas neesot v\u0113lamas.<br \/>\nR\u012bgas Starptautiskaj\u0101 kino festiv\u0101l\u0101 filma \u201eBais\u0101s pasakas\u201d tiek izr\u0101d\u012bta sadarb\u012bb\u0101 ar kinofestiv\u0101lu un filmu izplat\u012bt\u0101jiem \u201cSpektrs\u201d.<\/p>","protected":false},"excerpt":{"rendered":"<p>Trad\u012bcijas, fant\u0101zija un groteska sapl\u016bdusi it\u0101\u013cu re\u017eisora Mateo Garones (Matteo Garrone) ekstravagantaj\u0101 film\u0101 \u201cBais\u0101s pasakas\u201d (Il racconto dei racconti), kuru Kannu kinofestiv\u0101l\u0101 \u0161ogad izr\u0101d\u012bja konkursa programm\u0101.<\/p>\n","protected":false},"author":1,"featured_media":3925,"comment_status":"closed","ping_status":"closed","sticky":false,"template":"","format":"standard","meta":{"footnotes":""},"categories":[12],"tags":[],"_links":{"self":[{"href":"https:\/\/2015.rigaiff.lv\/en\/wp-json\/wp\/v2\/posts\/4104"}],"collection":[{"href":"https:\/\/2015.rigaiff.lv\/en\/wp-json\/wp\/v2\/posts"}],"about":[{"href":"https:\/\/2015.rigaiff.lv\/en\/wp-json\/wp\/v2\/types\/post"}],"author":[{"embeddable":true,"href":"https:\/\/2015.rigaiff.lv\/en\/wp-json\/wp\/v2\/users\/1"}],"replies":[{"embeddable":true,"href":"https:\/\/2015.rigaiff.lv\/en\/wp-json\/wp\/v2\/comments?post=4104"}],"version-history":[{"count":0,"href":"https:\/\/2015.rigaiff.lv\/en\/wp-json\/wp\/v2\/posts\/4104\/revisions"}],"wp:featuredmedia":[{"embeddable":true,"href":"https:\/\/2015.rigaiff.lv\/en\/wp-json\/wp\/v2\/media\/3925"}],"wp:attachment":[{"href":"https:\/\/2015.rigaiff.lv\/en\/wp-json\/wp\/v2\/media?parent=4104"}],"wp:term":[{"taxonomy":"category","embeddable":true,"href":"https:\/\/2015.rigaiff.lv\/en\/wp-json\/wp\/v2\/categories?post=4104"},{"taxonomy":"post_tag","embeddable":true,"href":"https:\/\/2015.rigaiff.lv\/en\/wp-json\/wp\/v2\/tags?post=4104"}],"curies":[{"name":"wp","href":"https:\/\/api.w.org\/{rel}","templated":true}]}}